{"id":43,"date":"2018-10-18T05:25:50","date_gmt":"2018-10-18T05:25:50","guid":{"rendered":"https:\/\/masmundomaspaismasinclusion.org\/home\/?p=43"},"modified":"2018-10-18T05:30:53","modified_gmt":"2018-10-18T05:30:53","slug":"aprenda-a-vivir-con-buena-onda-todo-el-ano","status":"publish","type":"post","link":"https:\/\/masmundomaspaismasinclusion.org\/home\/2018\/10\/18\/aprenda-a-vivir-con-buena-onda-todo-el-ano\/","title":{"rendered":"Aprenda a vivir con buena onda todo el a\u00f1o"},"content":{"rendered":"<p>La vida puede ser magn\u00edfica durante los 365 d\u00edas. Un orientador psicol\u00f3gico nos dice c\u00f3mo lograrlo.<\/p>\n<p>Adi\u00f3s a la playa, a los paseos por la monta\u00f1a, a la siesta, a las reuniones de amigos, a los asados, a trasnochar viendo series de Netflix, a no hacer sino lo que nos plazca&#8230;\u00a0<b>Para muchas personas, el final de las vacaciones \u2013y acaban de concluir las de mitad de a\u00f1o\u2013 es una especie de pesadilla. Y la vuelta al d\u00eda a d\u00eda se ve como una larga y pesada condena&#8230;<\/b><\/p>\n<p>Pero \u201c\u00bfd\u00f3nde est\u00e1 escrito que el final de las vacaciones sea el inicio de una condena?\u201d, se pregunta Pedro Palao Pons, escritor, orientador personal y corporativo y cabeza de The International School Of Coaching (Tisoc).<\/p>\n<p>Para Palao, tendemos a idealizar las vacaciones y a pensar en el resto de a\u00f1o como una calamidad, pero, en realidad, las vacaciones no son tan perfectas ni el resto del a\u00f1o resulta tan horrible, porque disponemos de recursos para disfrutar de la vida durante los 365 d\u00edas anuales.<\/p>\n<p><a href=\"https:\/\/www.eltiempo.com\/vida\/salud\/rutinas-para-ser-feliz-en-el-trabajo-despues-de-las-vacaciones-263116?fbclid=IwAR1KoYNNnpKPrxMPlA3Xnp4NlBTU6CMgQly_3OZoTBo_9m4VL_CKrgiKick\" target=\"_blank\" rel=\"noopener\">Leer mas&#8230;<\/a><\/p>\n","protected":false},"excerpt":{"rendered":"<p>La vida puede ser magn\u00edfica durante los 365 d\u00edas. Un orientador psicol\u00f3gico nos dice c\u00f3mo lograrlo. Adi\u00f3s a la playa, a los paseos por la monta\u00f1a, a la siesta, a las reuniones de amigos, a los asados, a trasnochar viendo series de Netflix, a no hacer sino lo que nos plazca&#8230;\u00a0Para muchas personas, el final de las vacaciones \u2013y acaban de concluir las de mitad de a\u00f1o\u2013 es una especie de pesadilla. Y la vuelta al d\u00eda a d\u00eda se ve como una larga y pesada condena&#8230; Pero \u201c\u00bfd\u00f3nde est\u00e1 escrito que el final de las vacaciones sea el inicio de una condena?\u201d, se pregunta Pedro Palao Pons, escritor, orientador personal y corporativo y cabeza de The International School Of Coaching (Tisoc). Para Palao, tendemos a idealizar las vacaciones y a pensar en el resto de a\u00f1o como una calamidad, pero, en realidad, las vacaciones no son tan perfectas ni el resto del a\u00f1o resulta tan horrible, porque disponemos de recursos para disfrutar de la vida durante los 365 d\u00edas anuales. Leer mas&#8230;<\/p>\n","protected":false},"author":1,"featured_media":44,"comment_status":"closed","ping_status":"closed","sticky":false,"template":"","format":"standard","meta":{"footnotes":""},"categories":[1],"tags":[],"class_list":["post-43","post","type-post","status-publish","format-standard","has-post-thumbnail","hentry","category-noticias"],"_links":{"self":[{"href":"https:\/\/masmundomaspaismasinclusion.org\/home\/wp-json\/wp\/v2\/posts\/43","targetHints":{"allow":["GET"]}}],"collection":[{"href":"https:\/\/masmundomaspaismasinclusion.org\/home\/wp-json\/wp\/v2\/posts"}],"about":[{"href":"https:\/\/masmundomaspaismasinclusion.org\/home\/wp-json\/wp\/v2\/types\/post"}],"author":[{"embeddable":true,"href":"https:\/\/masmundomaspaismasinclusion.org\/home\/wp-json\/wp\/v2\/users\/1"}],"replies":[{"embeddable":true,"href":"https:\/\/masmundomaspaismasinclusion.org\/home\/wp-json\/wp\/v2\/comments?post=43"}],"version-history":[{"count":1,"href":"https:\/\/masmundomaspaismasinclusion.org\/home\/wp-json\/wp\/v2\/posts\/43\/revisions"}],"predecessor-version":[{"id":46,"href":"https:\/\/masmundomaspaismasinclusion.org\/home\/wp-json\/wp\/v2\/posts\/43\/revisions\/46"}],"wp:featuredmedia":[{"embeddable":true,"href":"https:\/\/masmundomaspaismasinclusion.org\/home\/wp-json\/wp\/v2\/media\/44"}],"wp:attachment":[{"href":"https:\/\/masmundomaspaismasinclusion.org\/home\/wp-json\/wp\/v2\/media?parent=43"}],"wp:term":[{"taxonomy":"category","embeddable":true,"href":"https:\/\/masmundomaspaismasinclusion.org\/home\/wp-json\/wp\/v2\/categories?post=43"},{"taxonomy":"post_tag","embeddable":true,"href":"https:\/\/masmundomaspaismasinclusion.org\/home\/wp-json\/wp\/v2\/tags?post=43"}],"curies":[{"name":"wp","href":"https:\/\/api.w.org\/{rel}","templated":true}]}}